{"id":1330,"date":"2019-10-01T21:34:34","date_gmt":"2019-10-01T21:34:34","guid":{"rendered":"http:\/\/www.politicom.ca\/?p=1330"},"modified":"2019-10-01T21:49:41","modified_gmt":"2019-10-01T21:49:41","slug":"pour-garder-sa-credibilite-sur-la-scene-internationale-le-canada-doit-cesser-dappuyer-les-elites-corrompues-dhaiti","status":"publish","type":"post","link":"https:\/\/www.politicom.ca\/fr\/2019\/10\/01\/pour-garder-sa-credibilite-sur-la-scene-internationale-le-canada-doit-cesser-dappuyer-les-elites-corrompues-dhaiti\/","title":{"rendered":"Pour garder sa cr\u00e9dibilit\u00e9 sur la sc\u00e8ne internationale, le Canada doit cesser d\u2019appuyer les \u00e9lites corrompues d\u2019Ha\u00efti"},"content":{"rendered":"<div data-elementor-type=\"wp-post\" data-elementor-id=\"1330\" class=\"elementor elementor-1330\" data-elementor-post-type=\"post\">\n\t\t\t\t\t\t\t\t\t<section data-particle_enable=\"false\" data-particle-mobile-disabled=\"false\" class=\"elementor-section elementor-top-section elementor-element elementor-element-10c6dda8 elementor-section-boxed elementor-section-height-default elementor-section-height-default\" data-id=\"10c6dda8\" data-element_type=\"section\" data-settings=\"{&quot;background_background&quot;:&quot;classic&quot;}\">\n\t\t\t\t\t\t<div class=\"elementor-container elementor-column-gap-default\">\n\t\t\t\t\t<div class=\"elementor-column elementor-col-33 elementor-top-column elementor-element elementor-element-24d94475\" data-id=\"24d94475\" data-element_type=\"column\">\n\t\t\t<div class=\"elementor-widget-wrap elementor-element-populated\">\n\t\t\t\t\t\t\t\t<div class=\"elementor-element elementor-element-6f2abd40 elementor-widget elementor-widget-spacer\" data-id=\"6f2abd40\" data-element_type=\"widget\" data-widget_type=\"spacer.default\">\n\t\t\t\t<div class=\"elementor-widget-container\">\n\t\t\t\t\t<div class=\"elementor-spacer\">\n\t\t\t<div class=\"elementor-spacer-inner\"><\/div>\n\t\t<\/div>\n\t\t\t\t<\/div>\n\t\t\t\t<\/div>\n\t\t\t\t<div class=\"elementor-element elementor-element-7c055445 elementor-widget elementor-widget-spacer\" data-id=\"7c055445\" data-element_type=\"widget\" data-widget_type=\"spacer.default\">\n\t\t\t\t<div class=\"elementor-widget-container\">\n\t\t\t\t\t<div class=\"elementor-spacer\">\n\t\t\t<div class=\"elementor-spacer-inner\"><\/div>\n\t\t<\/div>\n\t\t\t\t<\/div>\n\t\t\t\t<\/div>\n\t\t\t\t\t<\/div>\n\t\t<\/div>\n\t\t\t\t<div class=\"elementor-column elementor-col-33 elementor-top-column elementor-element elementor-element-56f46dae\" data-id=\"56f46dae\" data-element_type=\"column\">\n\t\t\t<div class=\"elementor-widget-wrap elementor-element-populated\">\n\t\t\t\t\t\t\t\t<div class=\"elementor-element elementor-element-48a69f26 elementor-widget elementor-widget-spacer\" data-id=\"48a69f26\" data-element_type=\"widget\" data-widget_type=\"spacer.default\">\n\t\t\t\t<div class=\"elementor-widget-container\">\n\t\t\t\t\t<div class=\"elementor-spacer\">\n\t\t\t<div class=\"elementor-spacer-inner\"><\/div>\n\t\t<\/div>\n\t\t\t\t<\/div>\n\t\t\t\t<\/div>\n\t\t\t\t<div class=\"elementor-element elementor-element-1b10b893 elementor-widget elementor-widget-theme-post-title elementor-page-title elementor-widget-heading\" data-id=\"1b10b893\" data-element_type=\"widget\" data-widget_type=\"theme-post-title.default\">\n\t\t\t\t<div class=\"elementor-widget-container\">\n\t\t\t<h3 class=\"elementor-heading-title elementor-size-default\">Pour garder sa cr\u00e9dibilit\u00e9 sur la sc\u00e8ne internationale, le Canada doit cesser d\u2019appuyer les \u00e9lites corrompues d\u2019Ha\u00efti<\/h3>\t\t<\/div>\n\t\t\t\t<\/div>\n\t\t\t\t<section data-particle_enable=\"false\" data-particle-mobile-disabled=\"false\" class=\"elementor-section elementor-inner-section elementor-element elementor-element-4d621ff5 elementor-section-boxed elementor-section-height-default elementor-section-height-default\" data-id=\"4d621ff5\" data-element_type=\"section\">\n\t\t\t\t\t\t<div class=\"elementor-container elementor-column-gap-default\">\n\t\t\t\t\t<div class=\"elementor-column elementor-col-50 elementor-inner-column elementor-element elementor-element-6b2d7f93\" data-id=\"6b2d7f93\" data-element_type=\"column\">\n\t\t\t<div class=\"elementor-widget-wrap elementor-element-populated\">\n\t\t\t\t\t\t\t\t<div class=\"elementor-element elementor-element-1f91c0be elementor-align-left elementor-mobile-align-center elementor-widget elementor-widget-post-info\" data-id=\"1f91c0be\" data-element_type=\"widget\" data-widget_type=\"post-info.default\">\n\t\t\t\t<div class=\"elementor-widget-container\">\n\t\t\t\t\t<ul class=\"elementor-inline-items elementor-icon-list-items elementor-post-info\">\n\t\t\t\t\t\t\t\t<li class=\"elementor-icon-list-item elementor-repeater-item-5b95c16 elementor-inline-item\" itemprop=\"author\">\n\t\t\t\t\t\t<a href=\"https:\/\/www.politicom.ca\/fr\/author\/john-miller-beauvoir\/\">\n\t\t\t\t\t\t\t\t\t\t\t\t\t\t<span class=\"elementor-icon-list-text elementor-post-info__item elementor-post-info__item--type-author\">\n\t\t\t\t\t\t\t<span class=\"elementor-post-info__item-prefix\">by: <\/span>\n\t\t\t\t\t\t\t\t\t\tJohn Miller Beauvoir\t\t\t\t\t<\/span>\n\t\t\t\t\t\t\t\t\t<\/a>\n\t\t\t\t<\/li>\n\t\t\t\t<\/ul>\n\t\t\t\t<\/div>\n\t\t\t\t<\/div>\n\t\t\t\t\t<\/div>\n\t\t<\/div>\n\t\t\t\t<div class=\"elementor-column elementor-col-50 elementor-inner-column elementor-element elementor-element-62730abc\" data-id=\"62730abc\" data-element_type=\"column\">\n\t\t\t<div class=\"elementor-widget-wrap elementor-element-populated\">\n\t\t\t\t\t\t\t\t<div class=\"elementor-element elementor-element-7236b5b2 elementor-align-right elementor-mobile-align-center elementor-widget elementor-widget-post-info\" data-id=\"7236b5b2\" data-element_type=\"widget\" data-widget_type=\"post-info.default\">\n\t\t\t\t<div class=\"elementor-widget-container\">\n\t\t\t\t\t<ul class=\"elementor-inline-items elementor-icon-list-items elementor-post-info\">\n\t\t\t\t\t\t\t\t<li class=\"elementor-icon-list-item elementor-repeater-item-c63ceba elementor-inline-item\" itemprop=\"datePublished\">\n\t\t\t\t\t\t<a href=\"https:\/\/www.politicom.ca\/fr\/2019\/10\/01\/\">\n\t\t\t\t\t\t\t\t\t\t\t<span class=\"elementor-icon-list-icon\">\n\t\t\t\t\t\t\t\t<i aria-hidden=\"true\" class=\"fas fa-calendar\"><\/i>\t\t\t\t\t\t\t<\/span>\n\t\t\t\t\t\t\t\t\t<span class=\"elementor-icon-list-text elementor-post-info__item elementor-post-info__item--type-date\">\n\t\t\t\t\t\t\t\t\t\toctobre 1, 2019\t\t\t\t\t<\/span>\n\t\t\t\t\t\t\t\t\t<\/a>\n\t\t\t\t<\/li>\n\t\t\t\t<li class=\"elementor-icon-list-item elementor-repeater-item-3c1beaa elementor-inline-item\">\n\t\t\t\t\t\t\t\t\t\t<span class=\"elementor-icon-list-icon\">\n\t\t\t\t\t\t\t\t<i aria-hidden=\"true\" class=\"far fa-clock\"><\/i>\t\t\t\t\t\t\t<\/span>\n\t\t\t\t\t\t\t\t\t<span class=\"elementor-icon-list-text elementor-post-info__item elementor-post-info__item--type-time\">\n\t\t\t\t\t\t\t\t\t\t9:34 pm\t\t\t\t\t<\/span>\n\t\t\t\t\t\t\t\t<\/li>\n\t\t\t\t<\/ul>\n\t\t\t\t<\/div>\n\t\t\t\t<\/div>\n\t\t\t\t\t<\/div>\n\t\t<\/div>\n\t\t\t\t\t\t\t<\/div>\n\t\t<\/section>\n\t\t\t\t<div class=\"elementor-element elementor-element-74b4a05f elementor-widget elementor-widget-spacer\" data-id=\"74b4a05f\" data-element_type=\"widget\" data-widget_type=\"spacer.default\">\n\t\t\t\t<div class=\"elementor-widget-container\">\n\t\t\t\t\t<div class=\"elementor-spacer\">\n\t\t\t<div class=\"elementor-spacer-inner\"><\/div>\n\t\t<\/div>\n\t\t\t\t<\/div>\n\t\t\t\t<\/div>\n\t\t\t\t\t<\/div>\n\t\t<\/div>\n\t\t\t\t<div class=\"elementor-column elementor-col-33 elementor-top-column elementor-element elementor-element-5302bff6\" data-id=\"5302bff6\" data-element_type=\"column\">\n\t\t\t<div class=\"elementor-widget-wrap elementor-element-populated\">\n\t\t\t\t\t\t\t\t<div class=\"elementor-element elementor-element-4c7a0fc1 elementor-widget elementor-widget-spacer\" data-id=\"4c7a0fc1\" data-element_type=\"widget\" data-widget_type=\"spacer.default\">\n\t\t\t\t<div class=\"elementor-widget-container\">\n\t\t\t\t\t<div class=\"elementor-spacer\">\n\t\t\t<div class=\"elementor-spacer-inner\"><\/div>\n\t\t<\/div>\n\t\t\t\t<\/div>\n\t\t\t\t<\/div>\n\t\t\t\t<div class=\"elementor-element elementor-element-c6d7090 elementor-widget elementor-widget-spacer\" data-id=\"c6d7090\" data-element_type=\"widget\" data-widget_type=\"spacer.default\">\n\t\t\t\t<div class=\"elementor-widget-container\">\n\t\t\t\t\t<div class=\"elementor-spacer\">\n\t\t\t<div class=\"elementor-spacer-inner\"><\/div>\n\t\t<\/div>\n\t\t\t\t<\/div>\n\t\t\t\t<\/div>\n\t\t\t\t\t<\/div>\n\t\t<\/div>\n\t\t\t\t\t\t\t<\/div>\n\t\t<\/section>\n\t\t\t\t<section data-particle_enable=\"false\" data-particle-mobile-disabled=\"false\" class=\"elementor-section elementor-top-section elementor-element elementor-element-6dce6f5 elementor-section-boxed elementor-section-height-default elementor-section-height-default\" data-id=\"6dce6f5\" data-element_type=\"section\">\n\t\t\t\t\t\t<div class=\"elementor-container elementor-column-gap-default\">\n\t\t\t\t\t<div class=\"elementor-column elementor-col-100 elementor-top-column elementor-element elementor-element-c29101d\" data-id=\"c29101d\" data-element_type=\"column\">\n\t\t\t<div class=\"elementor-widget-wrap elementor-element-populated\">\n\t\t\t\t\t\t\t\t<div class=\"elementor-element elementor-element-6331c5ef elementor-widget elementor-widget-theme-post-featured-image elementor-widget-image\" data-id=\"6331c5ef\" data-element_type=\"widget\" data-widget_type=\"theme-post-featured-image.default\">\n\t\t\t\t<div class=\"elementor-widget-container\">\n\t\t\t\t\t\t\t\t\t\t\t\t\t\t\t<img loading=\"lazy\" decoding=\"async\" width=\"960\" height=\"640\" src=\"https:\/\/www.politicom.ca\/wp-content\/uploads\/2019\/09\/featured_image_first_blog.png\" class=\"attachment-full size-full wp-image-1167\" alt=\"\" srcset=\"https:\/\/www.politicom.ca\/wp-content\/uploads\/2019\/09\/featured_image_first_blog.png 960w, https:\/\/www.politicom.ca\/wp-content\/uploads\/2019\/09\/featured_image_first_blog-300x200.png 300w, https:\/\/www.politicom.ca\/wp-content\/uploads\/2019\/09\/featured_image_first_blog-768x512.png 768w\" sizes=\"(max-width: 34.9rem) calc(100vw - 2rem), (max-width: 53rem) calc(8 * (100vw \/ 12)), (min-width: 53rem) calc(6 * (100vw \/ 12)), 100vw\" \/>\t\t\t\t\t\t\t\t\t\t\t\t\t\t\t<\/div>\n\t\t\t\t<\/div>\n\t\t\t\t\t<\/div>\n\t\t<\/div>\n\t\t\t\t\t\t\t<\/div>\n\t\t<\/section>\n\t\t\t\t<section data-particle_enable=\"false\" data-particle-mobile-disabled=\"false\" class=\"elementor-section elementor-top-section elementor-element elementor-element-2da8ea1b elementor-section-boxed elementor-section-height-default elementor-section-height-default\" data-id=\"2da8ea1b\" data-element_type=\"section\">\n\t\t\t\t\t\t<div class=\"elementor-container elementor-column-gap-default\">\n\t\t\t\t\t<div class=\"elementor-column elementor-col-33 elementor-top-column elementor-element elementor-element-2720bcd8 elementor-hidden-phone\" data-id=\"2720bcd8\" data-element_type=\"column\">\n\t\t\t<div class=\"elementor-widget-wrap elementor-element-populated\">\n\t\t\t\t\t\t\t\t<div class=\"elementor-element elementor-element-5c9899c6 post-on-left-sidebar elementor-widget elementor-widget-eael-post-block\" data-id=\"5c9899c6\" data-element_type=\"widget\" data-widget_type=\"eael-post-block.default\">\n\t\t\t\t<div class=\"elementor-widget-container\">\n\t\t\t<div id=\"eael-post-block-5c9899c6\" class=\"eael-post-block post-block-style-default post-block-layout-block\">\n            <div class=\"eael-post-block-grid eael-post-appender eael-post-appender-5c9899c6\"><article class=\"eael-post-block-item eael-post-block-column\">\n        <div class=\"eael-post-block-item-holder\">\n            <div class=\"eael-post-block-item-holder-inner\"><div class=\"eael-entry-media\">\n                        <div class=\"eael-entry-overlay fade-in\"><i class=\"fas fa-long-arrow-alt-right\" aria-hidden=\"true\"><\/i><a href=\"https:\/\/www.politicom.ca\/fr\/2025\/10\/23\/amid-global-uncertainty-imf-and-world-bank-convene-for-high-level-discussions-in-washington-d-c\/\"><\/a>\n                        <\/div>\n                        <div class=\"eael-entry-thumbnail\">\n                            <img decoding=\"async\" src=\"https:\/\/www.politicom.ca\/wp-content\/uploads\/2025\/10\/05bea16ea9574e9d816a4793e73976d1_11zon-225x300.jpg\" alt=\"\">\n                        <\/div>\n                    <\/div><div class=\"eael-entry-wrapper\">\n                        <header class=\"eael-entry-header\"><h2 class=\"eael-entry-title\"><a class=\"eael-grid-post-link\" href=\"https:\/\/www.politicom.ca\/fr\/2025\/10\/23\/amid-global-uncertainty-imf-and-world-bank-convene-for-high-level-discussions-in-washington-d-c\/\" title=\"Amid Global Uncertainty, IMF and World Bank Convene for High-Level Discussions in Washington D.C.\">Amid Global Uncertainty, IMF and World Bank Convene for High-Level Discussions in Washington D.C.<\/a><\/h2><\/header>\n                        \n                        <div class=\"eael-entry-content\"><div class=\"eael-grid-post-excerpt\"><p><\/p><\/div><\/div>\n                    <\/div><\/div>\n        <\/div>\n    <\/article><article class=\"eael-post-block-item eael-post-block-column\">\n        <div class=\"eael-post-block-item-holder\">\n            <div class=\"eael-post-block-item-holder-inner\"><div class=\"eael-entry-media\">\n                        <div class=\"eael-entry-overlay fade-in\"><i class=\"fas fa-long-arrow-alt-right\" aria-hidden=\"true\"><\/i><a href=\"https:\/\/www.politicom.ca\/fr\/2024\/12\/15\/the-doha-forum-2024-a-global-platform-for-inclusive-dialogue-and-diplomacy\/\"><\/a>\n                        <\/div>\n                        <div class=\"eael-entry-thumbnail\">\n                            <img decoding=\"async\" src=\"https:\/\/www.politicom.ca\/wp-content\/uploads\/2024\/12\/IMG_5086-300x200.jpg\" alt=\"\">\n                        <\/div>\n                    <\/div><div class=\"eael-entry-wrapper\">\n                        <header class=\"eael-entry-header\"><h2 class=\"eael-entry-title\"><a class=\"eael-grid-post-link\" href=\"https:\/\/www.politicom.ca\/fr\/2024\/12\/15\/the-doha-forum-2024-a-global-platform-for-inclusive-dialogue-and-diplomacy\/\" title=\"The Doha Forum 2024\u00a0: A global platform for inclusive dialogue and diplomacy\">The Doha Forum 2024\u00a0: A global platform for inclusive dialogue and diplomacy<\/a><\/h2><\/header>\n                        \n                        <div class=\"eael-entry-content\"><div class=\"eael-grid-post-excerpt\"><p>On December 7-8th, the capital city of Qatar was the...<\/p><\/div><\/div>\n                    <\/div><\/div>\n        <\/div>\n    <\/article><article class=\"eael-post-block-item eael-post-block-column\">\n        <div class=\"eael-post-block-item-holder\">\n            <div class=\"eael-post-block-item-holder-inner\"><div class=\"eael-entry-media\">\n                        <div class=\"eael-entry-overlay fade-in\"><i class=\"fas fa-long-arrow-alt-right\" aria-hidden=\"true\"><\/i><a href=\"https:\/\/www.politicom.ca\/fr\/2023\/04\/18\/haitians-abroad-exploring-the-role-of-the-diaspora-in-fostering-peace-security-and-democracy-in-haiti\/\"><\/a>\n                        <\/div>\n                        <div class=\"eael-entry-thumbnail\">\n                            <img decoding=\"async\" src=\"https:\/\/www.politicom.ca\/wp-content\/uploads\/2023\/04\/2eabd601-7f45-48b4-9ffd-5a83a8547493-300x225.jpg\" alt=\"\">\n                        <\/div>\n                    <\/div><div class=\"eael-entry-wrapper\">\n                        <header class=\"eael-entry-header\"><h2 class=\"eael-entry-title\"><a class=\"eael-grid-post-link\" href=\"https:\/\/www.politicom.ca\/fr\/2023\/04\/18\/haitians-abroad-exploring-the-role-of-the-diaspora-in-fostering-peace-security-and-democracy-in-haiti\/\" title=\"&lt;strong&gt;&lt;em&gt;Haitians Abroad: Exploring the role of the Diaspora in fostering peace, security and democracy in Haiti.&lt;\/em&gt;&lt;\/strong&gt;\"><strong><em>Haitians Abroad: Exploring the role of the Diaspora in fostering peace, security and democracy in Haiti.<\/em><\/strong><\/a><\/h2><\/header>\n                        \n                        <div class=\"eael-entry-content\"><div class=\"eael-grid-post-excerpt\"><p>The World Bank and the IMF convened civil society&nbsp;leaders in...<\/p><\/div><\/div>\n                    <\/div><\/div>\n        <\/div>\n    <\/article><article class=\"eael-post-block-item eael-post-block-column\">\n        <div class=\"eael-post-block-item-holder\">\n            <div class=\"eael-post-block-item-holder-inner\"><div class=\"eael-entry-media\">\n                        <div class=\"eael-entry-overlay fade-in\"><i class=\"fas fa-long-arrow-alt-right\" aria-hidden=\"true\"><\/i><a href=\"https:\/\/www.politicom.ca\/fr\/2022\/11\/02\/pour-garder-sa-credibilite-sur-la-scene-internationale-le-canada-doit-cesser-dappuyer-les-elites-corrompues-dhaiti-copy\/\"><\/a>\n                        <\/div>\n                        <div class=\"eael-entry-thumbnail\">\n                            <img decoding=\"async\" src=\"https:\/\/www.politicom.ca\/wp-content\/uploads\/2022\/11\/photo_1-300x169.jpeg\" alt=\"\">\n                        <\/div>\n                    <\/div><div class=\"eael-entry-wrapper\">\n                        <header class=\"eael-entry-header\"><h2 class=\"eael-entry-title\"><a class=\"eael-grid-post-link\" href=\"https:\/\/www.politicom.ca\/fr\/2022\/11\/02\/pour-garder-sa-credibilite-sur-la-scene-internationale-le-canada-doit-cesser-dappuyer-les-elites-corrompues-dhaiti-copy\/\" title=\"&lt;strong&gt;&lt;em&gt;The World Bank and the IMF convened civil society&nbsp;leaders in Washington D.C as the world faces unprecedented and interwoven challenges&lt;\/em&gt;&lt;\/strong&gt;\"><strong><em>The World Bank and the IMF convened civil society\u00a0leaders in Washington D.C as the world faces unprecedented and interwoven challenges<\/em><\/strong><\/a><\/h2><\/header>\n                        \n                        <div class=\"eael-entry-content\"><div class=\"eael-grid-post-excerpt\"><p>The World Bank and the IMF convened civil society\u00a0leaders in...<\/p><\/div><\/div>\n                    <\/div><\/div>\n        <\/div>\n    <\/article><article class=\"eael-post-block-item eael-post-block-column\">\n        <div class=\"eael-post-block-item-holder\">\n            <div class=\"eael-post-block-item-holder-inner\"><div class=\"eael-entry-media\">\n                        <div class=\"eael-entry-overlay fade-in\"><i class=\"fas fa-long-arrow-alt-right\" aria-hidden=\"true\"><\/i><a href=\"https:\/\/www.politicom.ca\/fr\/2019\/10\/01\/pour-garder-sa-credibilite-sur-la-scene-internationale-le-canada-doit-cesser-dappuyer-les-elites-corrompues-dhaiti\/\"><\/a>\n                        <\/div>\n                        <div class=\"eael-entry-thumbnail\">\n                            <img decoding=\"async\" src=\"https:\/\/www.politicom.ca\/wp-content\/uploads\/2019\/09\/featured_image_first_blog-300x200.png\" alt=\"\">\n                        <\/div>\n                    <\/div><div class=\"eael-entry-wrapper\">\n                        <header class=\"eael-entry-header\"><h2 class=\"eael-entry-title\"><a class=\"eael-grid-post-link\" href=\"https:\/\/www.politicom.ca\/fr\/2019\/10\/01\/pour-garder-sa-credibilite-sur-la-scene-internationale-le-canada-doit-cesser-dappuyer-les-elites-corrompues-dhaiti\/\" title=\"Pour garder sa cr\u00e9dibilit\u00e9 sur la sc\u00e8ne internationale, le Canada doit cesser d\u2019appuyer les \u00e9lites corrompues d\u2019Ha\u00efti\">Pour garder sa cr\u00e9dibilit\u00e9 sur la sc\u00e8ne internationale, le Canada doit cesser d\u2019appuyer les \u00e9lites corrompues d\u2019Ha\u00efti<\/a><\/h2><\/header>\n                        \n                        <div class=\"eael-entry-content\"><div class=\"eael-grid-post-excerpt\"><p>Pour garder sa cr\u00e9dibilit\u00e9 sur la sc\u00e8ne internationale, le Canada...<\/p><\/div><\/div>\n                    <\/div><\/div>\n        <\/div>\n    <\/article><\/div>\n\t\t<\/div>            <div class=\"eael-load-more-button-wrap eael-force-hide\">\n                <button class=\"eael-load-more-button\" id=\"eael-load-more-btn-5c9899c6\" data-widget-id=\"5c9899c6\" data-widget=\"5c9899c6\" data-page-id=\"1330\" data-nonce=\"eada269110\" data-template=\"{&quot;dir&quot;:&quot;pro&quot;,&quot;file_name&quot;:&quot;default.php&quot;,&quot;name&quot;:&quot;Post-Block&quot;}\" data-class=\"Essential_Addons_Elementor\\Pro\\Elements\\Post_Block\" data-layout=\"\" data-page=\"1\" data-args=\"orderby=date&amp;order=desc&amp;ignore_sticky_posts=1&amp;post_status=publish&amp;posts_per_page=5&amp;offset=0&amp;post_type=post\" data-max-page=\"2\">\n                    <div class=\"eael-btn-loader button__loader\"><\/div>\n                    <span><\/span>\n                <\/button>\n            <\/div>\n        \t\t<\/div>\n\t\t\t\t<\/div>\n\t\t\t\t<div class=\"elementor-element elementor-element-2b3e9d97 elementor-widget elementor-widget-spacer\" data-id=\"2b3e9d97\" data-element_type=\"widget\" data-widget_type=\"spacer.default\">\n\t\t\t\t<div class=\"elementor-widget-container\">\n\t\t\t\t\t<div class=\"elementor-spacer\">\n\t\t\t<div class=\"elementor-spacer-inner\"><\/div>\n\t\t<\/div>\n\t\t\t\t<\/div>\n\t\t\t\t<\/div>\n\t\t\t\t\t<\/div>\n\t\t<\/div>\n\t\t\t\t<div class=\"elementor-column elementor-col-33 elementor-top-column elementor-element elementor-element-5e0fdd1c\" data-id=\"5e0fdd1c\" data-element_type=\"column\">\n\t\t\t<div class=\"elementor-widget-wrap elementor-element-populated\">\n\t\t\t\t\t\t\t\t<section data-particle_enable=\"false\" data-particle-mobile-disabled=\"false\" class=\"elementor-section elementor-inner-section elementor-element elementor-element-6907c0b5 elementor-section-boxed elementor-section-height-default elementor-section-height-default\" data-id=\"6907c0b5\" data-element_type=\"section\">\n\t\t\t\t\t\t<div class=\"elementor-container elementor-column-gap-default\">\n\t\t\t\t\t<div class=\"elementor-column elementor-col-100 elementor-inner-column elementor-element elementor-element-4983dd8c\" data-id=\"4983dd8c\" data-element_type=\"column\">\n\t\t\t<div class=\"elementor-widget-wrap elementor-element-populated\">\n\t\t\t\t\t\t\t\t<div class=\"elementor-element elementor-element-eb735e5 elementor-widget elementor-widget-text-editor\" data-id=\"eb735e5\" data-element_type=\"widget\" data-widget_type=\"text-editor.default\">\n\t\t\t\t<div class=\"elementor-widget-container\">\n\t\t\t\t\t\t\tLettre ouverte au Tr\u00e8s Honorable Justin TRUDEAU, Premier Ministre du Canada\t\t\t\t\t\t<\/div>\n\t\t\t\t<\/div>\n\t\t\t\t\t<\/div>\n\t\t<\/div>\n\t\t\t\t\t\t\t<\/div>\n\t\t<\/section>\n\t\t\t\t<div class=\"elementor-element elementor-element-777a57d5 elementor-widget elementor-widget-text-editor\" data-id=\"777a57d5\" data-element_type=\"widget\" data-widget_type=\"text-editor.default\">\n\t\t\t\t<div class=\"elementor-widget-container\">\n\t\t\t\t\t\t\tMonsieur le Premier Ministre,\t\t\t\t\t\t<\/div>\n\t\t\t\t<\/div>\n\t\t\t\t<div class=\"elementor-element elementor-element-4d425ba6 elementor-widget elementor-widget-text-editor\" data-id=\"4d425ba6\" data-element_type=\"widget\" data-widget_type=\"text-editor.default\">\n\t\t\t\t<div class=\"elementor-widget-container\">\n\t\t\t\t\t\t\t<p>La Charte canadienne des droits et libert\u00e9s, promulgu\u00e9e en 1982 sous le leadership de votre d\u00e9funt p\u00e8re Pierre E. TRUDEAU, stipule dans sa toute premi\u00e8re phrase que le\u00a0<strong class=\"ns oe\">\u201c\u2026Canada est fond\u00e9 sur des principes qui reconnaissent la supr\u00e9matie de Dieu et la primaut\u00e9 du droit\u201d.\u00a0<\/strong>La politique ext\u00e9rieure d\u2019un Etat comme le Canada devrait refl\u00e9ter la vertu qu\u2019il entend appliquer \u00e0 l\u2019int\u00e9rieur de son territoire.<\/p>\t\t\t\t\t\t<\/div>\n\t\t\t\t<\/div>\n\t\t\t\t<div class=\"elementor-element elementor-element-26f52e64 elementor-widget elementor-widget-text-editor\" data-id=\"26f52e64\" data-element_type=\"widget\" data-widget_type=\"text-editor.default\">\n\t\t\t\t<div class=\"elementor-widget-container\">\n\t\t\t\t\t\t\t<p><strong class=\"ns oe\">Dans cette perspective, le Canada a pour obligation morale, s\u2019il veut garder sa cr\u00e9dibilit\u00e9, de cesser d\u2019appuyer le Chef de l\u2019Etat Ha\u00eftien Son Excellence Monsieur Jovenel Mo\u00efse,\u00a0<\/strong>qui vient d\u2019\u00eatre personnellement et directement index\u00e9, sans ambigu\u00eft\u00e9 aucune, par la Cour Sup\u00e9rieure des Comptes et du Contentieux Administratif d\u2019Ha\u00efti (CSC\/CA), dans le plus vaste scandale de corruption que ce pays ait connu.<\/p>\t\t\t\t\t\t<\/div>\n\t\t\t\t<\/div>\n\t\t\t\t<div class=\"elementor-element elementor-element-550b00cd elementor-widget elementor-widget-text-editor\" data-id=\"550b00cd\" data-element_type=\"widget\" data-widget_type=\"text-editor.default\">\n\t\t\t\t<div class=\"elementor-widget-container\">\n\t\t\t\t\t\t\t<p id=\"f3c2\" class=\"nq nr cw bd ns b nt nu nv nw nx ny nz oa ob oc od\" data-selectable-paragraph=\"\">Il repr\u00e9sente, par ce fait m\u00eame, aux yeux d\u2019une bonne partie de l\u2019opinion publique ha\u00eftienne, le symbole d\u2019un syst\u00e8me de client\u00e9lisme, de favoritisme, et d\u2019injustice qui ne peut plus durer. Ha\u00efti exige un changement de paradigme,\u00a0<strong class=\"ns oe\">un nouveau syst\u00e8me!<\/strong><\/p><p id=\"5d58\" class=\"nq nr cw bd ns b nt nu nv nw nx ny nz oa ob oc od\" data-selectable-paragraph=\"\">Monsieur le Premier Ministre,<\/p><p id=\"2633\" class=\"nq nr cw bd ns b nt nu nv nw nx ny nz oa ob oc od\" data-selectable-paragraph=\"\">Ce verdict d\u2019une haute institution r\u00e9publicaine d\u2019Ha\u00efti sur la corruption syst\u00e9mique l\u00e8ve le voile, de mani\u00e8re univoque, sur le principal obstacle au d\u00e9veloppement \u00e9conomique d\u2019Ha\u00efti et la violence structurelle qui d\u00e9truit et appauvrit la grande majorit\u00e9 des ha\u00eftiens. Il traduit surtout, de mani\u00e8re \u00e9loquente,\u00a0<strong class=\"ns oe\">la perversion et la prise en otage du processus d\u00e9mocratique depuis 30 ans par un petit groupe de dirigeants puissants, kleptocrates et corrompus au d\u00e9triment d\u2019une population souffrante, essouffl\u00e9e et faussement repr\u00e9sent\u00e9e dans les paliers de gouvernement<\/strong>. Le bilan mitig\u00e9 de l\u2019aide canadienne \u00e0 Ha\u00efti s\u2019explique en grande partie par la mauvaise gouvernance qui d\u00e9fie, trop longtemps, les principes \u00e9l\u00e9mentaires de transparence, de redevabilit\u00e9 et de reddition de comptes.<\/p><p id=\"dd0e\" class=\"nq nr cw bd ns b nt nu nv nw nx ny nz oa ob oc od\" data-selectable-paragraph=\"\">Monsieur le Premier Ministre,<\/p>\t\t\t\t\t\t<\/div>\n\t\t\t\t<\/div>\n\t\t\t\t<div class=\"elementor-element elementor-element-00a77f1 elementor-widget elementor-widget-text-editor\" data-id=\"00a77f1\" data-element_type=\"widget\" data-widget_type=\"text-editor.default\">\n\t\t\t\t<div class=\"elementor-widget-container\">\n\t\t\t\t\t\t\t<p><strong class=\"ns oe\">Sous pr\u00e9texte de promouvoir la stabilit\u00e9 politique et la d\u00e9mocratie, la \u201ccommunaut\u00e9 internationale\u201d appuie avec complaisance les autorit\u00e9s ha\u00eftiennes et ferme trop souvent les yeux sur la mauvaise gouvernance, la corruption end\u00e9mique et les multiples injustices dont sont victimes les couches les plus vuln\u00e9rables d\u2019Ha\u00efti. Cette politique \u00e9trang\u00e8re \u00e0 tr\u00e8s courte vue laisse penser que la \u201ccommunaut\u00e9 internationale\u201d est encline \u00e0 verrouiller le statu quo, renforcer la mainmise des oppresseurs sur les victimes du syst\u00e8me que repr\u00e9sente la grande majorit\u00e9 des ha\u00eftiens qui croupissent dans l\u2019exclusion et la marginalisation.<\/strong><\/p>\t\t\t\t\t\t<\/div>\n\t\t\t\t<\/div>\n\t\t\t\t<div class=\"elementor-element elementor-element-50d390b elementor-widget elementor-widget-text-editor\" data-id=\"50d390b\" data-element_type=\"widget\" data-widget_type=\"text-editor.default\">\n\t\t\t\t<div class=\"elementor-widget-container\">\n\t\t\t\t\t\t\t<p id=\"98f6\" class=\"nq nr cw bd ns b nt nu nv nw nx ny nz oa ob oc od\" data-selectable-paragraph=\"\">Une d\u00e9mocratie qui ne se mesure qu\u2019\u00e0 l\u2019aune d\u2019\u00e9lections p\u00e9riodiques truqu\u00e9es n\u2019est qu\u2019une parodie, une d\u00e9mocratie de fa\u00e7ade au service des corrompus du syst\u00e8me. Le Canada et ses autres partenaires internationaux ont trop longtemps consid\u00e9r\u00e9 l\u2019organisation d\u2019\u00e9lections comme l\u2019indicateur ultime de la d\u00e9mocratie en Ha\u00efti, perdant de vue la gouvernance quotidienne du pays, les crimes financiers et les multiples violations des droits de la population par les autorit\u00e9s gouvernementales. La corruption jette plus de 8 millions d\u2019Ha\u00eftiens dans la pauvret\u00e9 abjecte, la faim, le d\u00e9nuement et l\u2019ins\u00e9curit\u00e9 humaine. Toute complaisance vis-\u00e0-vis des dilapidateurs du fonds PetroCaribe pourrait \u00eatre interpr\u00e9t\u00e9e comme une forme de complicit\u00e9 malsaine, \u00e0 peine voil\u00e9e.<\/p><p id=\"a926\" class=\"nq nr cw bd ns b nt nu nv nw nx ny nz oa ob oc od\" data-selectable-paragraph=\"\">Monsieur le Premier Ministre,<\/p><p id=\"6354\" class=\"nq nr cw bd ns b nt nu nv nw nx ny nz oa ob oc od\" data-selectable-paragraph=\"\">Alors que l\u2019autorit\u00e9 morale de votre grand voisin du Nord s\u2019effrite sur la sc\u00e8ne internationale, il est n\u00e9cessaire que le Canada fasse preuve de leadership pour appuyer une d\u00e9mocratie au service du peuple d\u2019Ha\u00efti et d\u00e9fendre les valeurs universelles de justice, d\u2019\u00e9quit\u00e9, et de solidarit\u00e9 humaine.\u00a0<strong class=\"ns oe\">La seule voie \u00e0 prendre pour y arriver est de cesser d\u2019appuyer le Pr\u00e9sident d\u00e9cri\u00e9 Jovenel Mo\u00efse.<\/strong><\/p><p id=\"d4f7\" class=\"nq nr cw bd ns b nt nu nv nw nx ny nz oa ob oc od\" data-selectable-paragraph=\"\">Gr\u00e2ce aux nouvelles technologies qui ne cessent de briser les barri\u00e8res entre les peuples et ouvrir les portes du savoir,\u00a0<strong class=\"ns oe\">Ha\u00efti dispose aujourd\u2019hui d\u2019une jeunesse \u00e9clair\u00e9e, avant-gardiste et d\u00e9termin\u00e9e qui saura forcer les portes d\u2019une justice saine et \u00e9quitable et frayer la voie vers un destin plus glorieux. Elle est pr\u00eate \u00e0 faire feu de tout bois pour \u00e9clairer les sentiers de l\u2019avenir et rendre \u00e0 Ha\u00efti sa dignit\u00e9 historique et originelle.<\/strong><\/p><p id=\"4969\" class=\"nq nr cw bd ns b nt nu nv nw nx ny nz oa ob oc od\" data-selectable-paragraph=\"\">Monsieur le Premier Ministre,<\/p><p id=\"10d3\" class=\"nq nr cw bd ns b nt nu nv nw nx ny nz oa ob oc od\" data-selectable-paragraph=\"\">J\u2019ai \u00e9tudi\u00e9 dans les universit\u00e9s canadiennes et mes enfants sont n\u00e9s ici, au Canada. J\u2019ai toujours \u00e9t\u00e9 attir\u00e9 par la perception que cette terre charrie les valeurs universelles des droits humains inali\u00e9nables. Vous avez aujourd\u2019hui la possibilit\u00e9 de prouver \u00e0 ces milliers d\u2019ha\u00eftiennes et d\u2019ha\u00eftiens d\u2019origine, qui pendant des g\u00e9n\u00e9rations ont contribu\u00e9 \u00e0 construire la nation canadienne, qu\u2019ils n\u2019ont pas eu tort de choisir le Canada, terre de libert\u00e9 et de promotion des droits humains.<\/p><p id=\"44d7\" class=\"nq nr cw bd ns b nt nu nv nw nx ny nz oa ob oc od\" data-selectable-paragraph=\"\">Je ne vous demande pas de vous immiscer dans les affaires internes d\u2019Ha\u00efti. Je n\u2019implore pas votre aide. Nous saurons y arriver seuls, si vous cessez d\u2019appuyer les \u00e9lites corrompues qui volent et qui violent l\u2019avenir de tout le peuple d\u2019Ha\u00efti.<\/p><p id=\"7175\" class=\"nq nr cw bd ns b nt nu nv nw nx ny nz oa ob oc od\" data-selectable-paragraph=\"\">Recevez, Monsieur le Premier Ministre, l\u2019assurance de mes profonds respects.<\/p>\t\t\t\t\t\t<\/div>\n\t\t\t\t<\/div>\n\t\t\t\t<div class=\"elementor-element elementor-element-8b6465c elementor-widget elementor-widget-image\" data-id=\"8b6465c\" data-element_type=\"widget\" data-widget_type=\"image.default\">\n\t\t\t\t<div class=\"elementor-widget-container\">\n\t\t\t\t\t\t\t\t\t\t\t\t\t\t\t<img loading=\"lazy\" decoding=\"async\" width=\"640\" height=\"439\" src=\"https:\/\/www.politicom.ca\/wp-content\/uploads\/2019\/10\/test.jpeg\" class=\"attachment-large size-large wp-image-1333\" alt=\"\" srcset=\"https:\/\/www.politicom.ca\/wp-content\/uploads\/2019\/10\/test.jpeg 688w, https:\/\/www.politicom.ca\/wp-content\/uploads\/2019\/10\/test-300x206.jpeg 300w\" sizes=\"(max-width: 34.9rem) calc(100vw - 2rem), (max-width: 53rem) calc(8 * (100vw \/ 12)), (min-width: 53rem) calc(6 * (100vw \/ 12)), 100vw\" \/>\t\t\t\t\t\t\t\t\t\t\t\t\t\t\t<\/div>\n\t\t\t\t<\/div>\n\t\t\t\t<div class=\"elementor-element elementor-element-79bfec0e elementor-widget elementor-widget-spacer\" data-id=\"79bfec0e\" data-element_type=\"widget\" data-widget_type=\"spacer.default\">\n\t\t\t\t<div class=\"elementor-widget-container\">\n\t\t\t\t\t<div class=\"elementor-spacer\">\n\t\t\t<div class=\"elementor-spacer-inner\"><\/div>\n\t\t<\/div>\n\t\t\t\t<\/div>\n\t\t\t\t<\/div>\n\t\t\t\t\t<\/div>\n\t\t<\/div>\n\t\t\t\t<div class=\"elementor-column elementor-col-33 elementor-top-column elementor-element elementor-element-dba4154\" data-id=\"dba4154\" data-element_type=\"column\">\n\t\t\t<div class=\"elementor-widget-wrap elementor-element-populated\">\n\t\t\t\t\t\t\t\t<div class=\"elementor-element elementor-element-2a9bdaf5 elementor-widget elementor-widget-spacer\" data-id=\"2a9bdaf5\" data-element_type=\"widget\" data-widget_type=\"spacer.default\">\n\t\t\t\t<div class=\"elementor-widget-container\">\n\t\t\t\t\t<div class=\"elementor-spacer\">\n\t\t\t<div class=\"elementor-spacer-inner\"><\/div>\n\t\t<\/div>\n\t\t\t\t<\/div>\n\t\t\t\t<\/div>\n\t\t\t\t\t<\/div>\n\t\t<\/div>\n\t\t\t\t\t\t\t<\/div>\n\t\t<\/section>\n\t\t\t\t\t\t\t<\/div>","protected":false},"excerpt":{"rendered":"<p>Pour garder sa cr\u00e9dibilit\u00e9 sur la sc\u00e8ne internationale, le Canada doit cesser d\u2019appuyer les \u00e9lites corrompues d\u2019Ha\u00efti As the world marks the International Day of Democracy, I urge the international community to heed Haitians\u2019 call for transparency, accountability and good governance \u2026 Lettre ouverte au Tr\u00e8s Honorable Justin TRUDEAU, Premier Ministre du CanadaMonsieur le Premier &hellip; <\/p>\n<p class=\"link-more\"><a href=\"https:\/\/www.politicom.ca\/fr\/2019\/10\/01\/pour-garder-sa-credibilite-sur-la-scene-internationale-le-canada-doit-cesser-dappuyer-les-elites-corrompues-dhaiti\/\" class=\"more-link\">Continuer la lecture<span class=\"screen-reader-text\"> de &laquo; Pour garder sa cr\u00e9dibilit\u00e9 sur la sc\u00e8ne internationale, le Canada doit cesser d\u2019appuyer les \u00e9lites corrompues d\u2019Ha\u00efti &raquo;<\/span><\/a><\/p>","protected":false},"author":2,"featured_media":1167,"comment_status":"open","ping_status":"open","sticky":false,"template":"elementor_canvas","format":"standard","meta":{"footnotes":""},"categories":[7],"tags":[],"_links":{"self":[{"href":"https:\/\/www.politicom.ca\/fr\/wp-json\/wp\/v2\/posts\/1330"}],"collection":[{"href":"https:\/\/www.politicom.ca\/fr\/wp-json\/wp\/v2\/posts"}],"about":[{"href":"https:\/\/www.politicom.ca\/fr\/wp-json\/wp\/v2\/types\/post"}],"author":[{"embeddable":true,"href":"https:\/\/www.politicom.ca\/fr\/wp-json\/wp\/v2\/users\/2"}],"replies":[{"embeddable":true,"href":"https:\/\/www.politicom.ca\/fr\/wp-json\/wp\/v2\/comments?post=1330"}],"version-history":[{"count":2,"href":"https:\/\/www.politicom.ca\/fr\/wp-json\/wp\/v2\/posts\/1330\/revisions"}],"predecessor-version":[{"id":1335,"href":"https:\/\/www.politicom.ca\/fr\/wp-json\/wp\/v2\/posts\/1330\/revisions\/1335"}],"wp:featuredmedia":[{"embeddable":true,"href":"https:\/\/www.politicom.ca\/fr\/wp-json\/wp\/v2\/media\/1167"}],"wp:attachment":[{"href":"https:\/\/www.politicom.ca\/fr\/wp-json\/wp\/v2\/media?parent=1330"}],"wp:term":[{"taxonomy":"category","embeddable":true,"href":"https:\/\/www.politicom.ca\/fr\/wp-json\/wp\/v2\/categories?post=1330"},{"taxonomy":"post_tag","embeddable":true,"href":"https:\/\/www.politicom.ca\/fr\/wp-json\/wp\/v2\/tags?post=1330"}],"curies":[{"name":"wp","href":"https:\/\/api.w.org\/{rel}","templated":true}]}}